{"id":2283,"date":"2023-07-13T09:00:44","date_gmt":"2023-07-13T07:00:44","guid":{"rendered":"https:\/\/carbon-solar.com\/?p=2283"},"modified":"2023-12-18T15:43:49","modified_gmt":"2023-12-18T14:43:49","slug":"cma-cgm-fund-for-energies-invests-in-carbon","status":"publish","type":"post","link":"https:\/\/carbon-solar.com\/en\/carbonnews\/carbonnews-carbonnews\/cma-cgm-fund-for-energies-invests-in-carbon\/","title":{"rendered":"CMA CGM Fund For Energies Invests in CARBON"},"content":{"rendered":"<p>On June 28, 2023, the CMA CGM Group announced its investment in the industrial company CARBON. Rodolphe Saad\u00e9, CEO of CMA CGM, confirmed the company\u2019s intention to invest in CARBON during President Emmanuel Macron\u2019s visit to the Port of Marseille Fos.<\/p>\n<p>Based in Marseille, the <a href=\"https:\/\/www.cma-cgm.com\/about\/the-group\">CMA CGM Group<\/a> is a global player in maritime, land, air, and logistics solutions. Through this announcement, the CMA CGM Fund for Energies reaffirms its commitment to accelerating decarbonization and developing renewable energies.<\/p>\n<p><a href=\"https:\/\/carbon-solar.com\/en\/\">CARBON<\/a>&#8216;s first gigafactory will have a production capacity of 5 GW of photovoltaic cells and 3.5 GW of modules. Located in Fos-sur-Mer, within the Grand Port Maritime de Marseille, it is currently <a href=\"https:\/\/carbon-solar.com\/en\/carbonnews\/carbonnews-carbonnews\/why-did-carbon-choose-fos-sur-mer-and-the-grand-port-maritime-de-marseille-for-its-first-gigafactory\/\">the largest announced photovoltaic production facility in Europe<\/a>. Additionally, it stands as one of the most significant job-creating projects in France. It will lead to the creation of 3,000 direct and sustainable jobs in the region.<\/p>\n<p>The <a href=\"https:\/\/carbon-solar.com\/en\/ambition\/\">CARBON project<\/a> thus contributes to France&#8217;s energy and industrial sovereignty.<\/p>\n<p>This establishment of this first gigafactory requires an investment budget of 1.5 billion euros. The support from the CMA CGM Group follows <a href=\"https:\/\/carbon-solar.com\/en\/carbonnews\/carbonnews-carbonnews\/the-region-sud-announces-a-grant-of-e15-million-for-carbon\/\">the announcement made on June 23 by the R\u00e9gion Sud regarding a first grant allocation<\/a> for the CARBON project.<\/p>\n<p>&#8220;We are delighted to enter into a long-term partnership with this international company, for which territorial implementation has a special meaning, just like for us. We thank Rodolphe Saad\u00e9 and his teams for their trust.&#8221; (<a href=\"https:\/\/carbon-solar.com\/en\/team\/\">Pierre-Emmanuel MARTIN<\/a>, CEO of CARBON)<\/p>\n<p>To watch Rodolphe Saad\u00e9&#8217;s announcement during Emmanuel Macron&#8217;s visit:<\/p>\n<p><a href=\"https:\/\/www.bfmtv.com\/marseille\/replay-emissions\/le-12-17\/marseille-emmanuel-macron-echange-avec-des-elus-et-des-acteurs-locaux-au-grand-port-maritime_VN-202306280545.html\"><img loading=\"lazy\" decoding=\"async\" class=\"aligncenter wp-image-1983 size-large\" src=\"https:\/\/carbon-solar.com\/wp-content\/uploads\/2023\/07\/Rodolphe-Saade-investit-dans-CARBON-annonce-au-Port-Marseille-Fos-1024x567.jpg\" alt=\"Rodolphe Saad\u00e9 (PDG CMA CGM) annonce \u00e0 Macron sa volont\u00e9 d'investir dans CARBON\" width=\"640\" height=\"354\" srcset=\"https:\/\/carbon-solar.com\/wp-content\/uploads\/2023\/07\/Rodolphe-Saade-investit-dans-CARBON-annonce-au-Port-Marseille-Fos-1024x567.jpg 1024w, https:\/\/carbon-solar.com\/wp-content\/uploads\/2023\/07\/Rodolphe-Saade-investit-dans-CARBON-annonce-au-Port-Marseille-Fos-300x166.jpg 300w, https:\/\/carbon-solar.com\/wp-content\/uploads\/2023\/07\/Rodolphe-Saade-investit-dans-CARBON-annonce-au-Port-Marseille-Fos-768x425.jpg 768w, https:\/\/carbon-solar.com\/wp-content\/uploads\/2023\/07\/Rodolphe-Saade-investit-dans-CARBON-annonce-au-Port-Marseille-Fos.jpg 1382w\" sizes=\"auto, (max-width: 640px) 100vw, 640px\" \/><\/a><\/p>\n<h2>What is the CMA CGM Fund for Energies?<\/h2>\n<p>Rodolphe Saad\u00e9 founded the <a href=\"https:\/\/cmacgm-group.com\/en\/fund-for-energies\">CMA CGM Fund for Energies<\/a> in September 2022. With a budget of 1.5 billion euros over 5 years, the fund invests in projects dedicated to the energy transition. Its mission is to support the development and production of renewable energies, accelerate the decarbonization of the CMA CGM Group&#8217;s industrial facilities, and foster innovative projects and low-emission mobility solutions.<\/p>\n<p>Since its establishment, the Fund for Energies has invested in over thirty infrastructure projects, startups, funds, and internal initiatives. In just six months, the Fund for Energies has provided support to various projects serving the energy transition, including:<\/p>\n<ul>\n<li>The Salamandre project led by ENGIE, which aims to produce biomethane at the Port of Le Havre.<\/li>\n<li>Waga Energy, a company that has developed a technology for the valorization of waste gas.<\/li>\n<li>The startup EarthWake, which converts plastic waste into fuel.<\/li>\n<li>TreaTech, a producer of gas from liquid waste.<\/li>\n<\/ul>\n<p>Furthermore, the CMA CGM Energy Fund has also made investments in the Hy24 fund, specializing in hydrogen development, and holds interests in the SWEN Capital fund, focused on sustainable fuels.<\/p>\n","protected":false},"excerpt":{"rendered":"<p>On June 28, 2023, the CMA CGM Group announced its investment in the industrial company CARBON. Rodolphe Saad\u00e9, CEO of CMA CGM, confirmed the company\u2019s intention to invest in CARBON [&hellip;]<\/p>\n","protected":false},"author":6,"featured_media":2284,"comment_status":"open","ping_status":"open","sticky":false,"template":"","format":"standard","meta":{"_acf_changed":false,"footnotes":""},"categories":[55],"tags":[],"class_list":["post-2283","post","type-post","status-publish","format-standard","has-post-thumbnail","hentry","category-carbonnews-carbonnews"],"acf":[],"yoast_head":"<!-- This site is optimized with the Yoast SEO plugin v27.1.1 - https:\/\/yoast.com\/product\/yoast-seo-wordpress\/ -->\n<title>CMA CGM Fund For Energies Invests in CARBON - CARBON<\/title>\n<meta name=\"robots\" content=\"index, follow, max-snippet:-1, max-image-preview:large, max-video-preview:-1\" \/>\n<link rel=\"canonical\" href=\"https:\/\/carbon-solar.com\/en\/carbonnews\/carbonnews-carbonnews\/cma-cgm-fund-for-energies-invests-in-carbon\/\" \/>\n<meta property=\"og:locale\" content=\"en_US\" \/>\n<meta property=\"og:type\" content=\"article\" \/>\n<meta property=\"og:title\" content=\"CMA CGM Fund For Energies Invests in CARBON - CARBON\" \/>\n<meta property=\"og:description\" content=\"On June 28, 2023, the CMA CGM Group announced its investment in the industrial company CARBON. Rodolphe Saad\u00e9, CEO of CMA CGM, confirmed the company\u2019s intention to invest in CARBON [&hellip;]\" \/>\n<meta property=\"og:url\" content=\"https:\/\/carbon-solar.com\/en\/carbonnews\/carbonnews-carbonnews\/cma-cgm-fund-for-energies-invests-in-carbon\/\" \/>\n<meta property=\"og:site_name\" content=\"CARBON\" \/>\n<meta property=\"article:published_time\" content=\"2023-07-13T07:00:44+00:00\" \/>\n<meta property=\"article:modified_time\" content=\"2023-12-18T14:43:49+00:00\" \/>\n<meta property=\"og:image\" content=\"https:\/\/carbon-solar.com\/wp-content\/uploads\/2023\/12\/Banniere-CMA-CGM-investit-dans-CARBON.jpg\" \/>\n\t<meta property=\"og:image:width\" content=\"2240\" \/>\n\t<meta property=\"og:image:height\" content=\"1260\" \/>\n\t<meta property=\"og:image:type\" content=\"image\/jpeg\" \/>\n<meta name=\"author\" content=\"steven-dolbeau\" \/>\n<meta name=\"twitter:card\" content=\"summary_large_image\" \/>\n<meta name=\"twitter:label1\" content=\"Written by\" \/>\n\t<meta name=\"twitter:data1\" content=\"steven-dolbeau\" \/>\n\t<meta name=\"twitter:label2\" content=\"Est. reading time\" \/>\n\t<meta name=\"twitter:data2\" content=\"3 minutes\" \/>\n<script type=\"application\/ld+json\" class=\"yoast-schema-graph\">{\"@context\":\"https:\/\/schema.org\",\"@graph\":[{\"@type\":\"Article\",\"@id\":\"https:\/\/carbon-solar.com\/en\/carbonnews\/carbonnews-carbonnews\/cma-cgm-fund-for-energies-invests-in-carbon\/#article\",\"isPartOf\":{\"@id\":\"https:\/\/carbon-solar.com\/en\/carbonnews\/carbonnews-carbonnews\/cma-cgm-fund-for-energies-invests-in-carbon\/\"},\"author\":{\"name\":\"steven-dolbeau\",\"@id\":\"https:\/\/carbon-solar.com\/en\/#\/schema\/person\/f92a3993a40814d520e4a986a35c31a2\"},\"headline\":\"CMA CGM Fund For Energies Invests in CARBON\",\"datePublished\":\"2023-07-13T07:00:44+00:00\",\"dateModified\":\"2023-12-18T14:43:49+00:00\",\"mainEntityOfPage\":{\"@id\":\"https:\/\/carbon-solar.com\/en\/carbonnews\/carbonnews-carbonnews\/cma-cgm-fund-for-energies-invests-in-carbon\/\"},\"wordCount\":440,\"commentCount\":0,\"publisher\":{\"@id\":\"https:\/\/carbon-solar.com\/en\/#organization\"},\"image\":{\"@id\":\"https:\/\/carbon-solar.com\/en\/carbonnews\/carbonnews-carbonnews\/cma-cgm-fund-for-energies-invests-in-carbon\/#primaryimage\"},\"thumbnailUrl\":\"https:\/\/carbon-solar.com\/wp-content\/uploads\/2023\/12\/Banniere-CMA-CGM-investit-dans-CARBON.jpg\",\"articleSection\":[\"CarbonNews\"],\"inLanguage\":\"en-US\",\"potentialAction\":[{\"@type\":\"CommentAction\",\"name\":\"Comment\",\"target\":[\"https:\/\/carbon-solar.com\/en\/carbonnews\/carbonnews-carbonnews\/cma-cgm-fund-for-energies-invests-in-carbon\/#respond\"]}]},{\"@type\":\"WebPage\",\"@id\":\"https:\/\/carbon-solar.com\/en\/carbonnews\/carbonnews-carbonnews\/cma-cgm-fund-for-energies-invests-in-carbon\/\",\"url\":\"https:\/\/carbon-solar.com\/en\/carbonnews\/carbonnews-carbonnews\/cma-cgm-fund-for-energies-invests-in-carbon\/\",\"name\":\"CMA CGM Fund For Energies Invests in CARBON - CARBON\",\"isPartOf\":{\"@id\":\"https:\/\/carbon-solar.com\/en\/#website\"},\"primaryImageOfPage\":{\"@id\":\"https:\/\/carbon-solar.com\/en\/carbonnews\/carbonnews-carbonnews\/cma-cgm-fund-for-energies-invests-in-carbon\/#primaryimage\"},\"image\":{\"@id\":\"https:\/\/carbon-solar.com\/en\/carbonnews\/carbonnews-carbonnews\/cma-cgm-fund-for-energies-invests-in-carbon\/#primaryimage\"},\"thumbnailUrl\":\"https:\/\/carbon-solar.com\/wp-content\/uploads\/2023\/12\/Banniere-CMA-CGM-investit-dans-CARBON.jpg\",\"datePublished\":\"2023-07-13T07:00:44+00:00\",\"dateModified\":\"2023-12-18T14:43:49+00:00\",\"breadcrumb\":{\"@id\":\"https:\/\/carbon-solar.com\/en\/carbonnews\/carbonnews-carbonnews\/cma-cgm-fund-for-energies-invests-in-carbon\/#breadcrumb\"},\"inLanguage\":\"en-US\",\"potentialAction\":[{\"@type\":\"ReadAction\",\"target\":[\"https:\/\/carbon-solar.com\/en\/carbonnews\/carbonnews-carbonnews\/cma-cgm-fund-for-energies-invests-in-carbon\/\"]}]},{\"@type\":\"ImageObject\",\"inLanguage\":\"en-US\",\"@id\":\"https:\/\/carbon-solar.com\/en\/carbonnews\/carbonnews-carbonnews\/cma-cgm-fund-for-energies-invests-in-carbon\/#primaryimage\",\"url\":\"https:\/\/carbon-solar.com\/wp-content\/uploads\/2023\/12\/Banniere-CMA-CGM-investit-dans-CARBON.jpg\",\"contentUrl\":\"https:\/\/carbon-solar.com\/wp-content\/uploads\/2023\/12\/Banniere-CMA-CGM-investit-dans-CARBON.jpg\",\"width\":2240,\"height\":1260,\"caption\":\"CMA CGM CARBON\"},{\"@type\":\"BreadcrumbList\",\"@id\":\"https:\/\/carbon-solar.com\/en\/carbonnews\/carbonnews-carbonnews\/cma-cgm-fund-for-energies-invests-in-carbon\/#breadcrumb\",\"itemListElement\":[{\"@type\":\"ListItem\",\"position\":1,\"name\":\"Home\",\"item\":\"https:\/\/carbon-solar.com\/en\/\"},{\"@type\":\"ListItem\",\"position\":2,\"name\":\"CMA CGM Fund For Energies Invests in CARBON\"}]},{\"@type\":\"WebSite\",\"@id\":\"https:\/\/carbon-solar.com\/en\/#website\",\"url\":\"https:\/\/carbon-solar.com\/en\/\",\"name\":\"CARBON\",\"description\":\"Photovoltaics Made In France\",\"publisher\":{\"@id\":\"https:\/\/carbon-solar.com\/en\/#organization\"},\"potentialAction\":[{\"@type\":\"SearchAction\",\"target\":{\"@type\":\"EntryPoint\",\"urlTemplate\":\"https:\/\/carbon-solar.com\/en\/?s={search_term_string}\"},\"query-input\":{\"@type\":\"PropertyValueSpecification\",\"valueRequired\":true,\"valueName\":\"search_term_string\"}}],\"inLanguage\":\"en-US\"},{\"@type\":\"Organization\",\"@id\":\"https:\/\/carbon-solar.com\/en\/#organization\",\"name\":\"Carbon\",\"url\":\"https:\/\/carbon-solar.com\/en\/\",\"logo\":{\"@type\":\"ImageObject\",\"inLanguage\":\"en-US\",\"@id\":\"https:\/\/carbon-solar.com\/en\/#\/schema\/logo\/image\/\",\"url\":\"\",\"contentUrl\":\"\",\"caption\":\"Carbon\"},\"image\":{\"@id\":\"https:\/\/carbon-solar.com\/en\/#\/schema\/logo\/image\/\"}},{\"@type\":\"Person\",\"@id\":\"https:\/\/carbon-solar.com\/en\/#\/schema\/person\/f92a3993a40814d520e4a986a35c31a2\",\"name\":\"steven-dolbeau\",\"image\":{\"@type\":\"ImageObject\",\"inLanguage\":\"en-US\",\"@id\":\"https:\/\/carbon-solar.com\/en\/#\/schema\/person\/image\/\",\"url\":\"https:\/\/secure.gravatar.com\/avatar\/dfb1f30510e2288f7807928b27b11ee26bdf3065fc74bc73d2b777a19594d746?s=96&d=mm&r=g\",\"contentUrl\":\"https:\/\/secure.gravatar.com\/avatar\/dfb1f30510e2288f7807928b27b11ee26bdf3065fc74bc73d2b777a19594d746?s=96&d=mm&r=g\",\"caption\":\"steven-dolbeau\"}}]}<\/script>\n<!-- \/ Yoast SEO plugin. -->","yoast_head_json":{"title":"CMA CGM Fund For Energies Invests in CARBON - CARBON","robots":{"index":"index","follow":"follow","max-snippet":"max-snippet:-1","max-image-preview":"max-image-preview:large","max-video-preview":"max-video-preview:-1"},"canonical":"https:\/\/carbon-solar.com\/en\/carbonnews\/carbonnews-carbonnews\/cma-cgm-fund-for-energies-invests-in-carbon\/","og_locale":"en_US","og_type":"article","og_title":"CMA CGM Fund For Energies Invests in CARBON - CARBON","og_description":"On June 28, 2023, the CMA CGM Group announced its investment in the industrial company CARBON. Rodolphe Saad\u00e9, CEO of CMA CGM, confirmed the company\u2019s intention to invest in CARBON [&hellip;]","og_url":"https:\/\/carbon-solar.com\/en\/carbonnews\/carbonnews-carbonnews\/cma-cgm-fund-for-energies-invests-in-carbon\/","og_site_name":"CARBON","article_published_time":"2023-07-13T07:00:44+00:00","article_modified_time":"2023-12-18T14:43:49+00:00","og_image":[{"width":2240,"height":1260,"url":"https:\/\/carbon-solar.com\/wp-content\/uploads\/2023\/12\/Banniere-CMA-CGM-investit-dans-CARBON.jpg","type":"image\/jpeg"}],"author":"steven-dolbeau","twitter_card":"summary_large_image","twitter_misc":{"Written by":"steven-dolbeau","Est. reading time":"3 minutes"},"schema":{"@context":"https:\/\/schema.org","@graph":[{"@type":"Article","@id":"https:\/\/carbon-solar.com\/en\/carbonnews\/carbonnews-carbonnews\/cma-cgm-fund-for-energies-invests-in-carbon\/#article","isPartOf":{"@id":"https:\/\/carbon-solar.com\/en\/carbonnews\/carbonnews-carbonnews\/cma-cgm-fund-for-energies-invests-in-carbon\/"},"author":{"name":"steven-dolbeau","@id":"https:\/\/carbon-solar.com\/en\/#\/schema\/person\/f92a3993a40814d520e4a986a35c31a2"},"headline":"CMA CGM Fund For Energies Invests in CARBON","datePublished":"2023-07-13T07:00:44+00:00","dateModified":"2023-12-18T14:43:49+00:00","mainEntityOfPage":{"@id":"https:\/\/carbon-solar.com\/en\/carbonnews\/carbonnews-carbonnews\/cma-cgm-fund-for-energies-invests-in-carbon\/"},"wordCount":440,"commentCount":0,"publisher":{"@id":"https:\/\/carbon-solar.com\/en\/#organization"},"image":{"@id":"https:\/\/carbon-solar.com\/en\/carbonnews\/carbonnews-carbonnews\/cma-cgm-fund-for-energies-invests-in-carbon\/#primaryimage"},"thumbnailUrl":"https:\/\/carbon-solar.com\/wp-content\/uploads\/2023\/12\/Banniere-CMA-CGM-investit-dans-CARBON.jpg","articleSection":["CarbonNews"],"inLanguage":"en-US","potentialAction":[{"@type":"CommentAction","name":"Comment","target":["https:\/\/carbon-solar.com\/en\/carbonnews\/carbonnews-carbonnews\/cma-cgm-fund-for-energies-invests-in-carbon\/#respond"]}]},{"@type":"WebPage","@id":"https:\/\/carbon-solar.com\/en\/carbonnews\/carbonnews-carbonnews\/cma-cgm-fund-for-energies-invests-in-carbon\/","url":"https:\/\/carbon-solar.com\/en\/carbonnews\/carbonnews-carbonnews\/cma-cgm-fund-for-energies-invests-in-carbon\/","name":"CMA CGM Fund For Energies Invests in CARBON - CARBON","isPartOf":{"@id":"https:\/\/carbon-solar.com\/en\/#website"},"primaryImageOfPage":{"@id":"https:\/\/carbon-solar.com\/en\/carbonnews\/carbonnews-carbonnews\/cma-cgm-fund-for-energies-invests-in-carbon\/#primaryimage"},"image":{"@id":"https:\/\/carbon-solar.com\/en\/carbonnews\/carbonnews-carbonnews\/cma-cgm-fund-for-energies-invests-in-carbon\/#primaryimage"},"thumbnailUrl":"https:\/\/carbon-solar.com\/wp-content\/uploads\/2023\/12\/Banniere-CMA-CGM-investit-dans-CARBON.jpg","datePublished":"2023-07-13T07:00:44+00:00","dateModified":"2023-12-18T14:43:49+00:00","breadcrumb":{"@id":"https:\/\/carbon-solar.com\/en\/carbonnews\/carbonnews-carbonnews\/cma-cgm-fund-for-energies-invests-in-carbon\/#breadcrumb"},"inLanguage":"en-US","potentialAction":[{"@type":"ReadAction","target":["https:\/\/carbon-solar.com\/en\/carbonnews\/carbonnews-carbonnews\/cma-cgm-fund-for-energies-invests-in-carbon\/"]}]},{"@type":"ImageObject","inLanguage":"en-US","@id":"https:\/\/carbon-solar.com\/en\/carbonnews\/carbonnews-carbonnews\/cma-cgm-fund-for-energies-invests-in-carbon\/#primaryimage","url":"https:\/\/carbon-solar.com\/wp-content\/uploads\/2023\/12\/Banniere-CMA-CGM-investit-dans-CARBON.jpg","contentUrl":"https:\/\/carbon-solar.com\/wp-content\/uploads\/2023\/12\/Banniere-CMA-CGM-investit-dans-CARBON.jpg","width":2240,"height":1260,"caption":"CMA CGM CARBON"},{"@type":"BreadcrumbList","@id":"https:\/\/carbon-solar.com\/en\/carbonnews\/carbonnews-carbonnews\/cma-cgm-fund-for-energies-invests-in-carbon\/#breadcrumb","itemListElement":[{"@type":"ListItem","position":1,"name":"Home","item":"https:\/\/carbon-solar.com\/en\/"},{"@type":"ListItem","position":2,"name":"CMA CGM Fund For Energies Invests in CARBON"}]},{"@type":"WebSite","@id":"https:\/\/carbon-solar.com\/en\/#website","url":"https:\/\/carbon-solar.com\/en\/","name":"CARBON","description":"Photovoltaics Made In France","publisher":{"@id":"https:\/\/carbon-solar.com\/en\/#organization"},"potentialAction":[{"@type":"SearchAction","target":{"@type":"EntryPoint","urlTemplate":"https:\/\/carbon-solar.com\/en\/?s={search_term_string}"},"query-input":{"@type":"PropertyValueSpecification","valueRequired":true,"valueName":"search_term_string"}}],"inLanguage":"en-US"},{"@type":"Organization","@id":"https:\/\/carbon-solar.com\/en\/#organization","name":"Carbon","url":"https:\/\/carbon-solar.com\/en\/","logo":{"@type":"ImageObject","inLanguage":"en-US","@id":"https:\/\/carbon-solar.com\/en\/#\/schema\/logo\/image\/","url":"","contentUrl":"","caption":"Carbon"},"image":{"@id":"https:\/\/carbon-solar.com\/en\/#\/schema\/logo\/image\/"}},{"@type":"Person","@id":"https:\/\/carbon-solar.com\/en\/#\/schema\/person\/f92a3993a40814d520e4a986a35c31a2","name":"steven-dolbeau","image":{"@type":"ImageObject","inLanguage":"en-US","@id":"https:\/\/carbon-solar.com\/en\/#\/schema\/person\/image\/","url":"https:\/\/secure.gravatar.com\/avatar\/dfb1f30510e2288f7807928b27b11ee26bdf3065fc74bc73d2b777a19594d746?s=96&d=mm&r=g","contentUrl":"https:\/\/secure.gravatar.com\/avatar\/dfb1f30510e2288f7807928b27b11ee26bdf3065fc74bc73d2b777a19594d746?s=96&d=mm&r=g","caption":"steven-dolbeau"}}]}},"_links":{"self":[{"href":"https:\/\/carbon-solar.com\/en\/wp-json\/wp\/v2\/posts\/2283","targetHints":{"allow":["GET"]}}],"collection":[{"href":"https:\/\/carbon-solar.com\/en\/wp-json\/wp\/v2\/posts"}],"about":[{"href":"https:\/\/carbon-solar.com\/en\/wp-json\/wp\/v2\/types\/post"}],"author":[{"embeddable":true,"href":"https:\/\/carbon-solar.com\/en\/wp-json\/wp\/v2\/users\/6"}],"replies":[{"embeddable":true,"href":"https:\/\/carbon-solar.com\/en\/wp-json\/wp\/v2\/comments?post=2283"}],"version-history":[{"count":1,"href":"https:\/\/carbon-solar.com\/en\/wp-json\/wp\/v2\/posts\/2283\/revisions"}],"predecessor-version":[{"id":2286,"href":"https:\/\/carbon-solar.com\/en\/wp-json\/wp\/v2\/posts\/2283\/revisions\/2286"}],"wp:featuredmedia":[{"embeddable":true,"href":"https:\/\/carbon-solar.com\/en\/wp-json\/wp\/v2\/media\/2284"}],"wp:attachment":[{"href":"https:\/\/carbon-solar.com\/en\/wp-json\/wp\/v2\/media?parent=2283"}],"wp:term":[{"taxonomy":"category","embeddable":true,"href":"https:\/\/carbon-solar.com\/en\/wp-json\/wp\/v2\/categories?post=2283"},{"taxonomy":"post_tag","embeddable":true,"href":"https:\/\/carbon-solar.com\/en\/wp-json\/wp\/v2\/tags?post=2283"}],"curies":[{"name":"wp","href":"https:\/\/api.w.org\/{rel}","templated":true}]}}