{"id":1911,"date":"2023-05-15T11:05:10","date_gmt":"2023-05-15T09:05:10","guid":{"rendered":"https:\/\/carbon-solar.com\/?p=1911"},"modified":"2023-06-30T11:47:10","modified_gmt":"2023-06-30T09:47:10","slug":"carbon-commits-to-informing-and-involving-the-public-in-its-industrial-project","status":"publish","type":"post","link":"https:\/\/carbon-solar.com\/en\/carbonnews\/carbonnews-carbonnews\/carbon-commits-to-informing-and-involving-the-public-in-its-industrial-project\/","title":{"rendered":"CARBON commits to informing and involving the public in its industrial project."},"content":{"rendered":"<p>To successfully establish a <a href=\"https:\/\/carbon-solar.com\/en\/carbonnews\/carbonnews-carbonnews\/why-did-carbon-choose-fos-sur-mer-and-the-grand-port-maritime-de-marseille-for-its-first-gigafactory\/\">giga-factory for solar cells and modules in Marseille&#8217;s Grand Port Maritime in Fos-sur-Mer<\/a>, CARBON collaborated with <a href=\"https:\/\/www.rte-france.com\/\">RTE<\/a> (R\u00e9seau de Transport d&#8217;\u00c9lectricit\u00e9) to approach the <a href=\"https:\/\/www.debatpublic.fr\/\">National Commission for Public Debate<\/a> (CNDP) in April 2023.<\/p>\n<p>On May 3rd, the CNDP held a plenary session where they reviewed the project dossier. As anticipated, the CNDP ruled in favor of conducting a preliminary consultation to inform and engage various stakeholders.<\/p>\n<p>This preliminary consultation constitutes a crucial phase in <a href=\"https:\/\/carbon-solar.com\/en\/ambition\/\">CARBON&#8217;s project<\/a>. It will serve as an opportunity to comprehensively present the project to local residents and key actors within the region. The entire team is committed to ensuring that this consultation becomes an authentic forum for open dialogue, promoting the dissemination of information and encouraging active participation<\/p>\n<p>CARBON and RTE, as project owners, have been entrusted by the CNDP to organize the consultation in accordance with Article R.121-8 of the Environmental Code. The precise details and procedures of the consultation will be determined in the near future by the CNDP, which has already appointed two mediators to oversee the process.<\/p>\n","protected":false},"excerpt":{"rendered":"<p>To successfully establish a giga-factory for solar cells and modules in Marseille&#8217;s Grand Port Maritime in Fos-sur-Mer, CARBON collaborated with RTE (R\u00e9seau de Transport d&#8217;\u00c9lectricit\u00e9) to approach the National Commission [&hellip;]<\/p>\n","protected":false},"author":6,"featured_media":1896,"comment_status":"open","ping_status":"open","sticky":false,"template":"","format":"standard","meta":{"_acf_changed":false,"footnotes":""},"categories":[55],"tags":[],"class_list":["post-1911","post","type-post","status-publish","format-standard","has-post-thumbnail","hentry","category-carbonnews-carbonnews"],"acf":[],"yoast_head":"<!-- This site is optimized with the Yoast SEO plugin v27.1.1 - https:\/\/yoast.com\/product\/yoast-seo-wordpress\/ -->\n<title>CARBON commits to informing and involving the public in its industrial project. - CARBON<\/title>\n<meta name=\"robots\" content=\"index, follow, max-snippet:-1, max-image-preview:large, max-video-preview:-1\" \/>\n<link rel=\"canonical\" href=\"https:\/\/carbon-solar.com\/en\/carbonnews\/carbonnews-carbonnews\/carbon-commits-to-informing-and-involving-the-public-in-its-industrial-project\/\" \/>\n<meta property=\"og:locale\" content=\"en_US\" \/>\n<meta property=\"og:type\" content=\"article\" \/>\n<meta property=\"og:title\" content=\"CARBON commits to informing and involving the public in its industrial project. - CARBON\" \/>\n<meta property=\"og:description\" content=\"To successfully establish a giga-factory for solar cells and modules in Marseille&#8217;s Grand Port Maritime in Fos-sur-Mer, CARBON collaborated with RTE (R\u00e9seau de Transport d&#8217;\u00c9lectricit\u00e9) to approach the National Commission [&hellip;]\" \/>\n<meta property=\"og:url\" content=\"https:\/\/carbon-solar.com\/en\/carbonnews\/carbonnews-carbonnews\/carbon-commits-to-informing-and-involving-the-public-in-its-industrial-project\/\" \/>\n<meta property=\"og:site_name\" content=\"CARBON\" \/>\n<meta property=\"article:published_time\" content=\"2023-05-15T09:05:10+00:00\" \/>\n<meta property=\"article:modified_time\" content=\"2023-06-30T09:47:10+00:00\" \/>\n<meta property=\"og:image\" content=\"https:\/\/carbon-solar.com\/wp-content\/uploads\/2023\/05\/Banniere-CNDP-Carbon-1.jpg\" \/>\n\t<meta property=\"og:image:width\" content=\"1919\" \/>\n\t<meta property=\"og:image:height\" content=\"1280\" \/>\n\t<meta property=\"og:image:type\" content=\"image\/jpeg\" \/>\n<meta name=\"author\" content=\"steven-dolbeau\" \/>\n<meta name=\"twitter:card\" content=\"summary_large_image\" \/>\n<meta name=\"twitter:label1\" content=\"Written by\" \/>\n\t<meta name=\"twitter:data1\" content=\"steven-dolbeau\" \/>\n\t<meta name=\"twitter:label2\" content=\"Est. reading time\" \/>\n\t<meta name=\"twitter:data2\" content=\"1 minute\" \/>\n<script type=\"application\/ld+json\" class=\"yoast-schema-graph\">{\"@context\":\"https:\/\/schema.org\",\"@graph\":[{\"@type\":\"Article\",\"@id\":\"https:\/\/carbon-solar.com\/en\/carbonnews\/carbonnews-carbonnews\/carbon-commits-to-informing-and-involving-the-public-in-its-industrial-project\/#article\",\"isPartOf\":{\"@id\":\"https:\/\/carbon-solar.com\/en\/carbonnews\/carbonnews-carbonnews\/carbon-commits-to-informing-and-involving-the-public-in-its-industrial-project\/\"},\"author\":{\"name\":\"steven-dolbeau\",\"@id\":\"https:\/\/carbon-solar.com\/en\/#\/schema\/person\/f92a3993a40814d520e4a986a35c31a2\"},\"headline\":\"CARBON commits to informing and involving the public in its industrial project.\",\"datePublished\":\"2023-05-15T09:05:10+00:00\",\"dateModified\":\"2023-06-30T09:47:10+00:00\",\"mainEntityOfPage\":{\"@id\":\"https:\/\/carbon-solar.com\/en\/carbonnews\/carbonnews-carbonnews\/carbon-commits-to-informing-and-involving-the-public-in-its-industrial-project\/\"},\"wordCount\":195,\"commentCount\":0,\"publisher\":{\"@id\":\"https:\/\/carbon-solar.com\/en\/#organization\"},\"image\":{\"@id\":\"https:\/\/carbon-solar.com\/en\/carbonnews\/carbonnews-carbonnews\/carbon-commits-to-informing-and-involving-the-public-in-its-industrial-project\/#primaryimage\"},\"thumbnailUrl\":\"https:\/\/carbon-solar.com\/wp-content\/uploads\/2023\/05\/Banniere-CNDP-Carbon-1.jpg\",\"articleSection\":[\"CarbonNews\"],\"inLanguage\":\"en-US\",\"potentialAction\":[{\"@type\":\"CommentAction\",\"name\":\"Comment\",\"target\":[\"https:\/\/carbon-solar.com\/en\/carbonnews\/carbonnews-carbonnews\/carbon-commits-to-informing-and-involving-the-public-in-its-industrial-project\/#respond\"]}]},{\"@type\":\"WebPage\",\"@id\":\"https:\/\/carbon-solar.com\/en\/carbonnews\/carbonnews-carbonnews\/carbon-commits-to-informing-and-involving-the-public-in-its-industrial-project\/\",\"url\":\"https:\/\/carbon-solar.com\/en\/carbonnews\/carbonnews-carbonnews\/carbon-commits-to-informing-and-involving-the-public-in-its-industrial-project\/\",\"name\":\"CARBON commits to informing and involving the public in its industrial project. - CARBON\",\"isPartOf\":{\"@id\":\"https:\/\/carbon-solar.com\/en\/#website\"},\"primaryImageOfPage\":{\"@id\":\"https:\/\/carbon-solar.com\/en\/carbonnews\/carbonnews-carbonnews\/carbon-commits-to-informing-and-involving-the-public-in-its-industrial-project\/#primaryimage\"},\"image\":{\"@id\":\"https:\/\/carbon-solar.com\/en\/carbonnews\/carbonnews-carbonnews\/carbon-commits-to-informing-and-involving-the-public-in-its-industrial-project\/#primaryimage\"},\"thumbnailUrl\":\"https:\/\/carbon-solar.com\/wp-content\/uploads\/2023\/05\/Banniere-CNDP-Carbon-1.jpg\",\"datePublished\":\"2023-05-15T09:05:10+00:00\",\"dateModified\":\"2023-06-30T09:47:10+00:00\",\"breadcrumb\":{\"@id\":\"https:\/\/carbon-solar.com\/en\/carbonnews\/carbonnews-carbonnews\/carbon-commits-to-informing-and-involving-the-public-in-its-industrial-project\/#breadcrumb\"},\"inLanguage\":\"en-US\",\"potentialAction\":[{\"@type\":\"ReadAction\",\"target\":[\"https:\/\/carbon-solar.com\/en\/carbonnews\/carbonnews-carbonnews\/carbon-commits-to-informing-and-involving-the-public-in-its-industrial-project\/\"]}]},{\"@type\":\"ImageObject\",\"inLanguage\":\"en-US\",\"@id\":\"https:\/\/carbon-solar.com\/en\/carbonnews\/carbonnews-carbonnews\/carbon-commits-to-informing-and-involving-the-public-in-its-industrial-project\/#primaryimage\",\"url\":\"https:\/\/carbon-solar.com\/wp-content\/uploads\/2023\/05\/Banniere-CNDP-Carbon-1.jpg\",\"contentUrl\":\"https:\/\/carbon-solar.com\/wp-content\/uploads\/2023\/05\/Banniere-CNDP-Carbon-1.jpg\",\"width\":1919,\"height\":1280,\"caption\":\"CNDP CARBON\"},{\"@type\":\"BreadcrumbList\",\"@id\":\"https:\/\/carbon-solar.com\/en\/carbonnews\/carbonnews-carbonnews\/carbon-commits-to-informing-and-involving-the-public-in-its-industrial-project\/#breadcrumb\",\"itemListElement\":[{\"@type\":\"ListItem\",\"position\":1,\"name\":\"Home\",\"item\":\"https:\/\/carbon-solar.com\/en\/\"},{\"@type\":\"ListItem\",\"position\":2,\"name\":\"CARBON commits to informing and involving the public in its industrial project.\"}]},{\"@type\":\"WebSite\",\"@id\":\"https:\/\/carbon-solar.com\/en\/#website\",\"url\":\"https:\/\/carbon-solar.com\/en\/\",\"name\":\"CARBON\",\"description\":\"Photovoltaics Made In France\",\"publisher\":{\"@id\":\"https:\/\/carbon-solar.com\/en\/#organization\"},\"potentialAction\":[{\"@type\":\"SearchAction\",\"target\":{\"@type\":\"EntryPoint\",\"urlTemplate\":\"https:\/\/carbon-solar.com\/en\/?s={search_term_string}\"},\"query-input\":{\"@type\":\"PropertyValueSpecification\",\"valueRequired\":true,\"valueName\":\"search_term_string\"}}],\"inLanguage\":\"en-US\"},{\"@type\":\"Organization\",\"@id\":\"https:\/\/carbon-solar.com\/en\/#organization\",\"name\":\"Carbon\",\"url\":\"https:\/\/carbon-solar.com\/en\/\",\"logo\":{\"@type\":\"ImageObject\",\"inLanguage\":\"en-US\",\"@id\":\"https:\/\/carbon-solar.com\/en\/#\/schema\/logo\/image\/\",\"url\":\"\",\"contentUrl\":\"\",\"caption\":\"Carbon\"},\"image\":{\"@id\":\"https:\/\/carbon-solar.com\/en\/#\/schema\/logo\/image\/\"}},{\"@type\":\"Person\",\"@id\":\"https:\/\/carbon-solar.com\/en\/#\/schema\/person\/f92a3993a40814d520e4a986a35c31a2\",\"name\":\"steven-dolbeau\",\"image\":{\"@type\":\"ImageObject\",\"inLanguage\":\"en-US\",\"@id\":\"https:\/\/carbon-solar.com\/en\/#\/schema\/person\/image\/\",\"url\":\"https:\/\/secure.gravatar.com\/avatar\/dfb1f30510e2288f7807928b27b11ee26bdf3065fc74bc73d2b777a19594d746?s=96&d=mm&r=g\",\"contentUrl\":\"https:\/\/secure.gravatar.com\/avatar\/dfb1f30510e2288f7807928b27b11ee26bdf3065fc74bc73d2b777a19594d746?s=96&d=mm&r=g\",\"caption\":\"steven-dolbeau\"}}]}<\/script>\n<!-- \/ Yoast SEO plugin. -->","yoast_head_json":{"title":"CARBON commits to informing and involving the public in its industrial project. - CARBON","robots":{"index":"index","follow":"follow","max-snippet":"max-snippet:-1","max-image-preview":"max-image-preview:large","max-video-preview":"max-video-preview:-1"},"canonical":"https:\/\/carbon-solar.com\/en\/carbonnews\/carbonnews-carbonnews\/carbon-commits-to-informing-and-involving-the-public-in-its-industrial-project\/","og_locale":"en_US","og_type":"article","og_title":"CARBON commits to informing and involving the public in its industrial project. - CARBON","og_description":"To successfully establish a giga-factory for solar cells and modules in Marseille&#8217;s Grand Port Maritime in Fos-sur-Mer, CARBON collaborated with RTE (R\u00e9seau de Transport d&#8217;\u00c9lectricit\u00e9) to approach the National Commission [&hellip;]","og_url":"https:\/\/carbon-solar.com\/en\/carbonnews\/carbonnews-carbonnews\/carbon-commits-to-informing-and-involving-the-public-in-its-industrial-project\/","og_site_name":"CARBON","article_published_time":"2023-05-15T09:05:10+00:00","article_modified_time":"2023-06-30T09:47:10+00:00","og_image":[{"width":1919,"height":1280,"url":"https:\/\/carbon-solar.com\/wp-content\/uploads\/2023\/05\/Banniere-CNDP-Carbon-1.jpg","type":"image\/jpeg"}],"author":"steven-dolbeau","twitter_card":"summary_large_image","twitter_misc":{"Written by":"steven-dolbeau","Est. reading time":"1 minute"},"schema":{"@context":"https:\/\/schema.org","@graph":[{"@type":"Article","@id":"https:\/\/carbon-solar.com\/en\/carbonnews\/carbonnews-carbonnews\/carbon-commits-to-informing-and-involving-the-public-in-its-industrial-project\/#article","isPartOf":{"@id":"https:\/\/carbon-solar.com\/en\/carbonnews\/carbonnews-carbonnews\/carbon-commits-to-informing-and-involving-the-public-in-its-industrial-project\/"},"author":{"name":"steven-dolbeau","@id":"https:\/\/carbon-solar.com\/en\/#\/schema\/person\/f92a3993a40814d520e4a986a35c31a2"},"headline":"CARBON commits to informing and involving the public in its industrial project.","datePublished":"2023-05-15T09:05:10+00:00","dateModified":"2023-06-30T09:47:10+00:00","mainEntityOfPage":{"@id":"https:\/\/carbon-solar.com\/en\/carbonnews\/carbonnews-carbonnews\/carbon-commits-to-informing-and-involving-the-public-in-its-industrial-project\/"},"wordCount":195,"commentCount":0,"publisher":{"@id":"https:\/\/carbon-solar.com\/en\/#organization"},"image":{"@id":"https:\/\/carbon-solar.com\/en\/carbonnews\/carbonnews-carbonnews\/carbon-commits-to-informing-and-involving-the-public-in-its-industrial-project\/#primaryimage"},"thumbnailUrl":"https:\/\/carbon-solar.com\/wp-content\/uploads\/2023\/05\/Banniere-CNDP-Carbon-1.jpg","articleSection":["CarbonNews"],"inLanguage":"en-US","potentialAction":[{"@type":"CommentAction","name":"Comment","target":["https:\/\/carbon-solar.com\/en\/carbonnews\/carbonnews-carbonnews\/carbon-commits-to-informing-and-involving-the-public-in-its-industrial-project\/#respond"]}]},{"@type":"WebPage","@id":"https:\/\/carbon-solar.com\/en\/carbonnews\/carbonnews-carbonnews\/carbon-commits-to-informing-and-involving-the-public-in-its-industrial-project\/","url":"https:\/\/carbon-solar.com\/en\/carbonnews\/carbonnews-carbonnews\/carbon-commits-to-informing-and-involving-the-public-in-its-industrial-project\/","name":"CARBON commits to informing and involving the public in its industrial project. - CARBON","isPartOf":{"@id":"https:\/\/carbon-solar.com\/en\/#website"},"primaryImageOfPage":{"@id":"https:\/\/carbon-solar.com\/en\/carbonnews\/carbonnews-carbonnews\/carbon-commits-to-informing-and-involving-the-public-in-its-industrial-project\/#primaryimage"},"image":{"@id":"https:\/\/carbon-solar.com\/en\/carbonnews\/carbonnews-carbonnews\/carbon-commits-to-informing-and-involving-the-public-in-its-industrial-project\/#primaryimage"},"thumbnailUrl":"https:\/\/carbon-solar.com\/wp-content\/uploads\/2023\/05\/Banniere-CNDP-Carbon-1.jpg","datePublished":"2023-05-15T09:05:10+00:00","dateModified":"2023-06-30T09:47:10+00:00","breadcrumb":{"@id":"https:\/\/carbon-solar.com\/en\/carbonnews\/carbonnews-carbonnews\/carbon-commits-to-informing-and-involving-the-public-in-its-industrial-project\/#breadcrumb"},"inLanguage":"en-US","potentialAction":[{"@type":"ReadAction","target":["https:\/\/carbon-solar.com\/en\/carbonnews\/carbonnews-carbonnews\/carbon-commits-to-informing-and-involving-the-public-in-its-industrial-project\/"]}]},{"@type":"ImageObject","inLanguage":"en-US","@id":"https:\/\/carbon-solar.com\/en\/carbonnews\/carbonnews-carbonnews\/carbon-commits-to-informing-and-involving-the-public-in-its-industrial-project\/#primaryimage","url":"https:\/\/carbon-solar.com\/wp-content\/uploads\/2023\/05\/Banniere-CNDP-Carbon-1.jpg","contentUrl":"https:\/\/carbon-solar.com\/wp-content\/uploads\/2023\/05\/Banniere-CNDP-Carbon-1.jpg","width":1919,"height":1280,"caption":"CNDP CARBON"},{"@type":"BreadcrumbList","@id":"https:\/\/carbon-solar.com\/en\/carbonnews\/carbonnews-carbonnews\/carbon-commits-to-informing-and-involving-the-public-in-its-industrial-project\/#breadcrumb","itemListElement":[{"@type":"ListItem","position":1,"name":"Home","item":"https:\/\/carbon-solar.com\/en\/"},{"@type":"ListItem","position":2,"name":"CARBON commits to informing and involving the public in its industrial project."}]},{"@type":"WebSite","@id":"https:\/\/carbon-solar.com\/en\/#website","url":"https:\/\/carbon-solar.com\/en\/","name":"CARBON","description":"Photovoltaics Made In France","publisher":{"@id":"https:\/\/carbon-solar.com\/en\/#organization"},"potentialAction":[{"@type":"SearchAction","target":{"@type":"EntryPoint","urlTemplate":"https:\/\/carbon-solar.com\/en\/?s={search_term_string}"},"query-input":{"@type":"PropertyValueSpecification","valueRequired":true,"valueName":"search_term_string"}}],"inLanguage":"en-US"},{"@type":"Organization","@id":"https:\/\/carbon-solar.com\/en\/#organization","name":"Carbon","url":"https:\/\/carbon-solar.com\/en\/","logo":{"@type":"ImageObject","inLanguage":"en-US","@id":"https:\/\/carbon-solar.com\/en\/#\/schema\/logo\/image\/","url":"","contentUrl":"","caption":"Carbon"},"image":{"@id":"https:\/\/carbon-solar.com\/en\/#\/schema\/logo\/image\/"}},{"@type":"Person","@id":"https:\/\/carbon-solar.com\/en\/#\/schema\/person\/f92a3993a40814d520e4a986a35c31a2","name":"steven-dolbeau","image":{"@type":"ImageObject","inLanguage":"en-US","@id":"https:\/\/carbon-solar.com\/en\/#\/schema\/person\/image\/","url":"https:\/\/secure.gravatar.com\/avatar\/dfb1f30510e2288f7807928b27b11ee26bdf3065fc74bc73d2b777a19594d746?s=96&d=mm&r=g","contentUrl":"https:\/\/secure.gravatar.com\/avatar\/dfb1f30510e2288f7807928b27b11ee26bdf3065fc74bc73d2b777a19594d746?s=96&d=mm&r=g","caption":"steven-dolbeau"}}]}},"_links":{"self":[{"href":"https:\/\/carbon-solar.com\/en\/wp-json\/wp\/v2\/posts\/1911","targetHints":{"allow":["GET"]}}],"collection":[{"href":"https:\/\/carbon-solar.com\/en\/wp-json\/wp\/v2\/posts"}],"about":[{"href":"https:\/\/carbon-solar.com\/en\/wp-json\/wp\/v2\/types\/post"}],"author":[{"embeddable":true,"href":"https:\/\/carbon-solar.com\/en\/wp-json\/wp\/v2\/users\/6"}],"replies":[{"embeddable":true,"href":"https:\/\/carbon-solar.com\/en\/wp-json\/wp\/v2\/comments?post=1911"}],"version-history":[{"count":1,"href":"https:\/\/carbon-solar.com\/en\/wp-json\/wp\/v2\/posts\/1911\/revisions"}],"predecessor-version":[{"id":1912,"href":"https:\/\/carbon-solar.com\/en\/wp-json\/wp\/v2\/posts\/1911\/revisions\/1912"}],"wp:featuredmedia":[{"embeddable":true,"href":"https:\/\/carbon-solar.com\/en\/wp-json\/wp\/v2\/media\/1896"}],"wp:attachment":[{"href":"https:\/\/carbon-solar.com\/en\/wp-json\/wp\/v2\/media?parent=1911"}],"wp:term":[{"taxonomy":"category","embeddable":true,"href":"https:\/\/carbon-solar.com\/en\/wp-json\/wp\/v2\/categories?post=1911"},{"taxonomy":"post_tag","embeddable":true,"href":"https:\/\/carbon-solar.com\/en\/wp-json\/wp\/v2\/tags?post=1911"}],"curies":[{"name":"wp","href":"https:\/\/api.w.org\/{rel}","templated":true}]}}